{"id":8842,"date":"2026-08-28T10:00:00","date_gmt":"2026-08-28T08:00:00","guid":{"rendered":"https:\/\/ramirezgalvez.com\/?p=8842"},"modified":"2026-08-28T16:25:32","modified_gmt":"2026-08-28T14:25:32","slug":"eliminar-manchas-el-fotoenvejecimiento-y-deshidratacion-periocular","status":"publish","type":"post","link":"https:\/\/ramirezgalvez.com\/de\/2026\/08\/estetica-oculo-facial\/eliminar-manchas-el-fotoenvejecimiento-y-deshidratacion-periocular\/","title":{"rendered":"SOS Post-Verano: C\u00f3mo eliminar las manchas, el fotoenvejecimiento y la deshidrataci\u00f3n periocular \u2600\ufe0f"},"content":{"rendered":"\n<p class=\"wp-block-paragraph\">Con la llegada del final de agosto, las vacaciones entran en su \u00faltima etapa y comenzamos a planificar la vuelta a las rutinas de septiembre. Sin embargo, tras semanas de intensa exposici\u00f3n al sol, cloro de las piscinas y salitre del mar, la delicada piel que rodea los ojos suele ser una de las primeras \u00e1reas en manifestar los signos del envejecimiento y del da\u00f1o estival<sup><\/sup>. La exposici\u00f3n prolongada al sol sin la protecci\u00f3n adecuada acelera el da\u00f1o cut\u00e1neo <sup><\/sup>y puede provocar de forma frecuente hiperpigmentaciones, manchas solares y una notable p\u00e9rdida de luminosidad<sup><\/sup><sup><\/sup><sup><\/sup><sup><\/sup><sup><\/sup><sup><\/sup><sup><\/sup><sup><\/sup>.<\/p>\n\n\n\n<p class=\"wp-block-paragraph\">En <strong><a href=\"https:\/\/ramirezgalvez.com\/\" data-type=\"page\" data-id=\"22\">Cl\u00ednica Ram\u00edrez &amp; G\u00e1lvez<\/a><\/strong> sabemos que el final de la temporada de verano es el momento id\u00f3neo para reparar los estragos de la radiaci\u00f3n ultravioleta. A continuaci\u00f3n, te explicamos c\u00f3mo se produce el fotoenvejecimiento periocular y cu\u00e1les son los tratamientos m\u00e9dicos m\u00e1s avanzados para devolverle la frescura, la salud y la vitalidad a tu mirada.<\/p>\n\n\n\n<h2 class=\"wp-block-heading\">El fotoenvejecimiento periocular: \u00bfQu\u00e9 le ocurre a nuestra piel tras las vacaciones? \ud83e\uddd0<\/h2>\n\n\n\n<p class=\"wp-block-paragraph\">El sol emite radiaci\u00f3n ultravioleta de alta energ\u00eda<sup><\/sup>. Cuando nos exponemos de forma continuada a ella, esta radiaci\u00f3n disminuye paulatinamente la producci\u00f3n natural de col\u00e1geno y elastina, las dos prote\u00ednas esenciales encargadas de mantener la firmeza, la flexibilidad y la estructura interna de la piel<sup><\/sup><sup><\/sup><sup><\/sup><sup><\/sup><sup><\/sup><sup><\/sup><sup><\/sup><sup><\/sup><sup><\/sup><sup><\/sup><sup><\/sup><sup><\/sup><sup><\/sup><sup><\/sup>.<\/p>\n\n\n\n<p class=\"wp-block-paragraph\">Al perderse este soporte estructural, los tejidos se debilitan y aparecen con mayor facilidad arrugas finas, flacidez palpebral y l\u00edneas de expresi\u00f3n marcadas conocidas como &#8222;patas de gallo&#8220;<sup><\/sup><sup><\/sup><sup><\/sup><sup><\/sup><sup><\/sup><sup><\/sup><sup><\/sup><sup><\/sup><sup><\/sup><sup><\/sup><sup><\/sup>. Adem\u00e1s, la radiaci\u00f3n solar estimula de manera directa la producci\u00f3n de la melanina (el pigmento que da color a la piel)<sup><\/sup><sup><\/sup><sup><\/sup><sup><\/sup><sup><\/sup><sup><\/sup>. Este exceso de pigmentaci\u00f3n acumulada da lugar a la aparici\u00f3n de manchas solares, melasma y lentigos que oscurecen la zona de la ojera y apagan por completo la expresividad de la mirada<sup><\/sup><sup><\/sup><sup><\/sup><sup><\/sup><sup><\/sup><sup><\/sup><sup><\/sup><sup><\/sup>.<\/p>\n\n\n\n<h2 class=\"wp-block-heading\">El plan de rescate m\u00e9dico-est\u00e9tico: C\u00f3mo recuperar tu piel en septiembre \ud83d\udca1<\/h2>\n\n\n\n<p class=\"wp-block-paragraph\">Para revertir el fotoenvejecimiento avanzado y eliminar las pigmentaciones profundas, las soluciones cosm\u00e9ticas tradicionales o las cremas superficiales a menudo resultan insuficientes<sup><\/sup>. En nuestras cl\u00ednicas disponemos de plataformas tecnol\u00f3gicas de vanguardia capaces de regenerar la piel desde sus capas m\u00e1s profundas:<\/p>\n\n\n\n<ul class=\"wp-block-list\">\n<li><strong><a href=\"https:\/\/ramirezgalvez.com\/estetica-oculo-facial\/ipl-luz-pulsada-intensa\/\" data-type=\"page\" data-id=\"3421\">Luz Pulsada Intensa (IPL)<\/a>: La revoluci\u00f3n para unificar el tono.<\/strong> El IPL es una tecnolog\u00eda muy vers\u00e1til que despliega un amplio espectro de luz para interactuar selectivamente con los crom\u00f3foros de la piel, como la melanina y la hemoglobina. Es el aliado id\u00f3neo para fragmentar los ac\u00famulos de pigmento, logrando que el cuerpo los elimine gradualmente para aclarar las manchas solares y el melasma. Adem\u00e1s, su acci\u00f3n es altamente eficaz para reducir las rojeces faciales difusas y las telangiectasias (peque\u00f1as venitas) que suelen dilatarse con el calor.<\/li>\n\n\n\n<li><strong><a href=\"https:\/\/ramirezgalvez.com\/estetica-oculo-facial\/resurfacing-laser-co2\/\" data-type=\"page\" data-id=\"3276\">Resurfacing con L\u00e1ser CO2 Fraccionado:<\/a> Renovaci\u00f3n cut\u00e1nea profunda.<\/strong> Dise\u00f1ado espec\u00edficamente para tratar la flacidez, el fotoenvejecimiento avanzado y las arrugas m\u00e1s marcadas del contorno de ojos. Esta tecnolog\u00eda m\u00e9dica utiliza microhaces de luz de di\u00f3xido de carbono para vaporizar de forma fraccionada las c\u00e9lulas envejecidas y da\u00f1adas. Al penetrar con precisi\u00f3n milim\u00e9trica en las capas profundas de la dermis, desencadena una respuesta de curaci\u00f3n natural que multiplica la s\u00edntesis de nuevo col\u00e1geno y elastina. El resultado es una piel completamente renovada, visiblemente m\u00e1s tersa, el\u00e1stica, suave y firme, con efectos notables que perduran durante varios a\u00f1os.<\/li>\n\n\n\n<li><strong>Peelings Despigmentantes M\u00e9dicos y Cosm\u00e9tica Domiciliaria:<\/strong> Para abordar de manera espec\u00edfica el oscurecimiento de la piel, aplicamos peelings m\u00e9dicos especializados (como el WPCR de Toskani) cuyos \u00e1cidos combinados act\u00faan directamente atenuando la acumulaci\u00f3n de melanina. Este tratamiento en cl\u00ednica se complementa de forma obligatoria en casa con cosm\u00e9tica m\u00e9dica de activos espec\u00edficos (como el \u00e1cido tranex\u00e1mico o la vitamina C) bajo estricta supervisi\u00f3n m\u00e9dica para estabilizar los resultados y prevenir la reaparici\u00f3n del pigmento.<\/li>\n<\/ul>\n\n\n\n<h2 class=\"wp-block-heading\">Tu diagn\u00f3stico personalizado en Lucena y Torre del Mar \ud83c\udfe5<\/h2>\n\n\n\n<p class=\"wp-block-paragraph\">Cada rostro y cada tipo de piel experimentan el impacto de la radiaci\u00f3n estival de una manera completamente diferente<sup><\/sup><sup><\/sup><sup><\/sup><sup><\/sup><sup><\/sup><sup><\/sup><sup><\/sup><sup><\/sup><sup><\/sup><sup><\/sup>. Factores esenciales como el fototipo cut\u00e1neo del paciente, la profundidad exacta de las manchas o el grado de flacidez determinan qu\u00e9 t\u00e9cnica es la m\u00e1s adecuada y segura para evitar riesgos de rebote<sup><\/sup><sup><\/sup><sup><\/sup><sup><\/sup><sup><\/sup><sup><\/sup><sup><\/sup><sup><\/sup><sup><\/sup>.<\/p>\n\n\n\n<p class=\"wp-block-paragraph\">Por ello, tanto en nuestras instalaciones de <strong><a href=\"https:\/\/maps.app.goo.gl\/HoogfFyeMrkbk1wDA\" target=\"_blank\" rel=\"noopener\">Lucena<\/a><\/strong> como en las de <strong><a href=\"https:\/\/maps.app.goo.gl\/rKsXSMLYNxPbCYT3A\" target=\"_blank\" rel=\"noopener\">Torre del Mar<\/a><\/strong>, nuestro equipo de oftalm\u00f3logos especialistas realiza una consulta y evaluaci\u00f3n exhaustiva de cada caso. Nuestro enfoque especializado en la mirada nos permite analizar la estructura periocular global para dise\u00f1ar un plan terap\u00e9utico a tu medida, garantizando unos niveles m\u00e1ximos de seguridad y unos resultados progresivos y de absoluta naturalidad.<\/p>\n\n\n\n<p class=\"wp-block-paragraph\">Recuerde que para consolidar el \u00e9xito de cualquier tratamiento de renovaci\u00f3n post-verano, el uso diario de fotoprotecci\u00f3n alta de amplio espectro sigue siendo un pilar fundamental e innegociable, incluso en los d\u00edas nublados de oto\u00f1o<sup><\/sup><sup><\/sup><sup><\/sup><sup><\/sup><sup><\/sup><sup><\/sup><sup><\/sup><sup><\/sup><sup><\/sup>.<\/p>\n\n\n\n<p class=\"wp-block-paragraph\"><strong>\u00bfSientes tu piel apagada, deshidratada o notas nuevas manchas tras las vacaciones? No dejes que el da\u00f1o solar se vuelva permanente. \u00a1<a href=\"https:\/\/ramirezgalvez.com\/contacto\/\" data-type=\"page\" data-id=\"414\">Agenda tu cita<\/a> de valoraci\u00f3n en nuestros centros de Lucena o Torre del Mar y recupera la luminosidad natural de tu rostro!<\/strong> \ud83d\udcc5\u2728<\/p>\n","protected":false},"excerpt":{"rendered":"<p>Con la llegada del final de agosto, las vacaciones entran en su \u00faltima etapa y comenzamos a planificar la vuelta a las rutinas de septiembre. Sin embargo, tras semanas de intensa exposici\u00f3n al sol, cloro de las piscinas y salitre del mar, la delicada piel que rodea los ojos suele ser una de las primeras [&hellip;]<\/p>\n","protected":false},"author":5,"featured_media":8868,"comment_status":"closed","ping_status":"closed","sticky":false,"template":"","format":"standard","meta":{"rs_blank_template":"","rs_page_bg_color":"","slide_template_v7":"","footnotes":""},"categories":[42,39,41],"tags":[],"class_list":["post-8842","post","type-post","status-publish","format-standard","has-post-thumbnail","hentry","category-cuidado-de-la-piel","category-estetica-oculo-facial","category-tratamientos-laser"],"_links":{"self":[{"href":"https:\/\/ramirezgalvez.com\/de\/wp-json\/wp\/v2\/posts\/8842","targetHints":{"allow":["GET"]}}],"collection":[{"href":"https:\/\/ramirezgalvez.com\/de\/wp-json\/wp\/v2\/posts"}],"about":[{"href":"https:\/\/ramirezgalvez.com\/de\/wp-json\/wp\/v2\/types\/post"}],"author":[{"embeddable":true,"href":"https:\/\/ramirezgalvez.com\/de\/wp-json\/wp\/v2\/users\/5"}],"replies":[{"embeddable":true,"href":"https:\/\/ramirezgalvez.com\/de\/wp-json\/wp\/v2\/comments?post=8842"}],"version-history":[{"count":1,"href":"https:\/\/ramirezgalvez.com\/de\/wp-json\/wp\/v2\/posts\/8842\/revisions"}],"predecessor-version":[{"id":8844,"href":"https:\/\/ramirezgalvez.com\/de\/wp-json\/wp\/v2\/posts\/8842\/revisions\/8844"}],"wp:featuredmedia":[{"embeddable":true,"href":"https:\/\/ramirezgalvez.com\/de\/wp-json\/wp\/v2\/media\/8868"}],"wp:attachment":[{"href":"https:\/\/ramirezgalvez.com\/de\/wp-json\/wp\/v2\/media?parent=8842"}],"wp:term":[{"taxonomy":"category","embeddable":true,"href":"https:\/\/ramirezgalvez.com\/de\/wp-json\/wp\/v2\/categories?post=8842"},{"taxonomy":"post_tag","embeddable":true,"href":"https:\/\/ramirezgalvez.com\/de\/wp-json\/wp\/v2\/tags?post=8842"}],"curies":[{"name":"wp","href":"https:\/\/api.w.org\/{rel}","templated":true}]}}